{"id":344,"date":"2020-11-19T12:54:43","date_gmt":"2020-11-19T12:54:43","guid":{"rendered":"http:\/\/localhost\/wordpress\/?p=344"},"modified":"2021-05-27T10:52:13","modified_gmt":"2021-05-27T10:52:13","slug":"suns-magic-light-hours","status":"publish","type":"post","link":"https:\/\/thephotographersassistant.net\/es\/2020\/11\/19\/suns-magic-light-hours\/","title":{"rendered":"La hora m\u00e1gica"},"content":{"rendered":"\n<p>Llamamos las horas m\u00e1gicas del sol, aquellas en las que, por su cualidad, imprimen sobre la fotograf\u00eda paisaj\u00edstica (principalmente) una personalidad innegable, ya sea percibida como como color, atm\u00f3sfera, &#8230;. No puede haber fotograf\u00eda sin luz y sin una luz\/atm\u00f3sfera atractiva nos ser\u00e1 muy dif\u00edcil capturar momentos irrepetibles.<\/p>\n\n\n\n<p>\u00bfCu\u00e1les son las horas del sol y cu\u00e1les son las m\u00e1gicas?<\/p>\n\n\n\n<p>Las diferentes horas del sol ser\u00edan, luz de d\u00eda, hora dorada, hora azul, crep\u00fasculo (con los diferentes tipos de crep\u00fasculos que se definen) y la noche.<\/p>\n\n\n\n<p>Las horas m\u00e1gicas del sol son la hora dorada, hora azul y el crep\u00fasculo.<\/p>\n\n\n\n<p>Cada una de las horas m\u00e1gicas ser\u00e1 reconocible por sus cualidades de luz, pero saber cu\u00e1ndo ocurren depende de la posici\u00f3n del sol en el cielo u oculto tras el horizonte. Dicho de otra forma, depende de la elevaci\u00f3n en el cielo, con valores positivos para indicar la posici\u00f3n en el cielo, 0\u00ba para indicar ocult\u00e1ndose en el horizonte y valores negativos cuando est\u00e9 oculto tras el horizonte. Tambi\u00e9n es primordial conocer las cualidades de cada luz, para visualizar c\u00f3mo influye en el paisaje y qu\u00e9 fotograf\u00eda conviene en cada momento.<\/p>\n\n\n\n<p>De esta forma, as\u00ed se clasificar\u00edan las luces por la elevaci\u00f3n del sol:<\/p>\n\n\n\n<table class=\"MsoTableGrid\" style=\"width:396.1pt;margin-left:28.45pt;border-collapse:collapse;border:none\" width=\"528\" cellspacing=\"0\" cellpadding=\"0\" border=\"1\">\n <tbody><tr>\n  <td colspan=\"5\" style=\"width:396.1pt;border:solid windowtext 1.0pt;\n  background:#481346;padding:0cm 5.4pt 0cm 5.4pt\" width=\"528\" valign=\"top\">\n  <div style=\"border:none;border-bottom:solid #632E62 1.0pt;padding:0cm 0cm 0cm 0cm\">\n  <h2 style=\"text-align:center\" align=\"center\"><span style=\"color:\n  white\" lang=\"ES\">Tipos de luz (Sol)<\/span><\/h2>\n  <\/div>\n  <\/td>\n <\/tr>\n <tr>\n  <td colspan=\"2\" style=\"width:175.0pt;border:solid windowtext 1.0pt;\n  border-top:none;padding:0cm 5.4pt 0cm 5.4pt\" width=\"233\">\n  <h4><span style=\"font-variant:normal !important;text-transform:\n  uppercase\" lang=\"EN-US\">No fotogr\u00e1ficos<\/span><\/h4>\n  <\/td>\n  <td style=\"width:51.45pt;border-top:none;border-left:\n  none;border-bottom:solid windowtext 1.0pt;border-right:solid windowtext 1.0pt;\n  padding:0cm 5.4pt 0cm 5.4pt\" width=\"69\" valign=\"top\">\n  <p class=\"MsoNormal\" style=\"margin-bottom:0cm;text-align:center;\n  line-height:normal;text-autospace:ideograph-other;vertical-align:baseline\" align=\"center\"><span style=\"font-size:10.0pt;font-family:&quot;Century Gothic&quot;,sans-serif\" lang=\"ES\">&nbsp;<\/span><\/p>\n  <\/td>\n  <td colspan=\"2\" style=\"width:169.65pt;border-top:none;\n  border-left:none;border-bottom:solid windowtext 1.0pt;border-right:solid windowtext 1.0pt;\n  padding:0cm 5.4pt 0cm 5.4pt\" width=\"226\" valign=\"top\">\n  <h4><span style=\"font-variant:normal !important;text-transform:\n  uppercase\" lang=\"ES\">Fotogr\u00e1fico<\/span><\/h4>\n  <\/td>\n <\/tr>\n <tr>\n  <td style=\"width:86.05pt;border:solid windowtext 1.0pt;\n  border-top:none;padding:0cm 5.4pt 0cm 5.4pt\" width=\"115\" valign=\"top\">\n  <p class=\"MsoNormal\" style=\"margin-bottom:0cm;line-height:normal;text-autospace:\n  ideograph-other;vertical-align:baseline\"><span style=\"font-size:\n  10.0pt;font-family:&quot;Century Gothic&quot;,sans-serif\" lang=\"ES\">Noche<\/span><\/p>\n  <\/td>\n  <td style=\"width:88.95pt;border-top:none;border-left:\n  none;border-bottom:solid windowtext 1.0pt;border-right:solid windowtext 1.0pt;\n  padding:0cm 5.4pt 0cm 5.4pt\" width=\"119\" valign=\"top\">\n  <p class=\"MsoNormal\" style=\"margin-bottom:0cm;line-height:normal;text-autospace:\n  ideograph-other;vertical-align:baseline\"><span style=\"font-size:\n  10.0pt;font-family:&quot;Century Gothic&quot;,sans-serif\" lang=\"EN-US\">&nbsp;<\/span><\/p>\n  <\/td>\n  <td style=\"width:51.45pt;border-top:none;border-left:\n  none;border-bottom:solid windowtext 1.0pt;border-right:solid windowtext 1.0pt;\n  padding:0cm 5.4pt 0cm 5.4pt\" width=\"69\" valign=\"top\">\n  <p class=\"MsoNormal\" style=\"margin-bottom:0cm;line-height:normal;text-autospace:\n  ideograph-other;vertical-align:baseline\"><span style=\"font-size:\n  10.0pt;font-family:&quot;Century Gothic&quot;,sans-serif\" lang=\"EN-US\">&nbsp;<\/span><\/p>\n  <\/td>\n  <td style=\"width:14.2pt;border-top:none;border-left:none;\n  border-bottom:solid windowtext 1.0pt;border-right:solid windowtext 1.0pt;\n  background:black;padding:0cm 5.4pt 0cm 5.4pt\" width=\"19\" valign=\"top\">\n  <p class=\"MsoNormal\" style=\"margin-bottom:0cm;line-height:normal;text-autospace:\n  ideograph-other;vertical-align:baseline\"><span style=\"font-size:\n  10.0pt;font-family:&quot;Century Gothic&quot;,sans-serif\" lang=\"EN-US\">&nbsp;<\/span><\/p>\n  <\/td>\n  <td style=\"width:155.45pt;border-top:none;border-left:\n  none;border-bottom:solid windowtext 1.0pt;border-right:solid windowtext 1.0pt;\n  padding:0cm 5.4pt 0cm 5.4pt\" width=\"207\" valign=\"top\">\n  <p class=\"MsoNormal\" style=\"margin-bottom:0cm;line-height:normal;text-autospace:\n  ideograph-other;vertical-align:baseline\"><span style=\"font-size:\n  10.0pt;font-family:&quot;Century Gothic&quot;,sans-serif\" lang=\"EN-US\">Noche<\/span><\/p>\n  <\/td>\n <\/tr>\n <tr>\n  <td rowspan=\"3\" style=\"width:86.05pt;border:solid windowtext 1.0pt;\n  border-top:none;padding:0cm 5.4pt 0cm 5.4pt\" width=\"115\" valign=\"top\">\n  <p class=\"MsoNormal\" style=\"margin-bottom:0cm;line-height:normal;text-autospace:\n  ideograph-other;vertical-align:baseline\"><span style=\"font-size:\n  10.0pt;font-family:&quot;Century Gothic&quot;,sans-serif\" lang=\"EN-US\">Crep\u00fasculo<\/span><\/p>\n  <\/td>\n  <td style=\"width:88.95pt;border-top:none;border-left:\n  none;border-bottom:solid windowtext 1.0pt;border-right:solid windowtext 1.0pt;\n  padding:0cm 5.4pt 0cm 5.4pt\" width=\"119\" valign=\"top\">\n  <p class=\"MsoNormal\" style=\"margin-bottom:0cm;line-height:normal;text-autospace:\n  ideograph-other;vertical-align:baseline\"><i><span style=\"font-size:10.0pt;font-family:&quot;Century Gothic&quot;,sans-serif\" lang=\"EN-US\">Astronomic<\/span><\/i><\/p>\n  <\/td>\n  <td rowspan=\"3\" style=\"width:51.45pt;border-top:none;border-left:none;\n  border-bottom:solid windowtext 1.0pt;border-right:solid windowtext 1.0pt;\n  padding:0cm 5.4pt 0cm 5.4pt\" width=\"69\">\n  <p class=\"MsoNormal\" style=\"margin-bottom:0cm;text-align:center;\n  line-height:normal;text-autospace:ideograph-other;vertical-align:baseline\" align=\"center\"><span style=\"font-size:10.0pt;font-family:&quot;Century Gothic&quot;,sans-serif\" lang=\"EN-US\">Alba<\/span><\/p>\n  <\/td>\n  <td style=\"width:14.2pt;border-top:none;border-left:none;\n  border-bottom:solid windowtext 1.0pt;border-right:solid windowtext 1.0pt;\n  background:#5034CB;padding:0cm 5.4pt 0cm 5.4pt\" width=\"19\" valign=\"top\">\n  <p class=\"MsoNormal\" style=\"margin-bottom:0cm;line-height:normal;text-autospace:\n  ideograph-other;vertical-align:baseline\"><span style=\"font-size:\n  10.0pt;font-family:&quot;Century Gothic&quot;,sans-serif\" lang=\"EN-US\">&nbsp;<\/span><\/p>\n  <\/td>\n  <td style=\"width:155.45pt;border-top:none;border-left:\n  none;border-bottom:solid windowtext 1.0pt;border-right:solid windowtext 1.0pt;\n  padding:0cm 5.4pt 0cm 5.4pt\" width=\"207\" valign=\"top\">\n  <p class=\"MsoNormal\" style=\"margin-bottom:0cm;line-height:normal;text-autospace:\n  ideograph-other;vertical-align:baseline\"><b><span style=\"font-size:10.0pt;font-family:&quot;Century Gothic&quot;,sans-serif\" lang=\"EN-US\">Crep\u00fasculo<\/span><\/b><\/p>\n  <\/td>\n <\/tr>\n <tr>\n  <td style=\"width:88.95pt;border-top:none;border-left:\n  none;border-bottom:solid windowtext 1.0pt;border-right:solid windowtext 1.0pt;\n  padding:0cm 5.4pt 0cm 5.4pt\" width=\"119\" valign=\"top\">\n  <p class=\"MsoNormal\" style=\"margin-bottom:0cm;line-height:normal;text-autospace:\n  ideograph-other;vertical-align:baseline\"><i><span style=\"font-size:10.0pt;font-family:&quot;Century Gothic&quot;,sans-serif\" lang=\"EN-US\">N\u00e1utico<\/span><\/i><\/p>\n  <\/td>\n  <td style=\"width:14.2pt;border-top:none;border-left:none;\n  border-bottom:solid windowtext 1.0pt;border-right:solid windowtext 1.0pt;\n  background:#0A57C7;padding:0cm 5.4pt 0cm 5.4pt\" width=\"19\" valign=\"top\">\n  <p class=\"MsoNormal\" style=\"margin-bottom:0cm;line-height:normal;text-autospace:\n  ideograph-other;vertical-align:baseline\"><span style=\"font-size:\n  10.0pt;font-family:&quot;Century Gothic&quot;,sans-serif\" lang=\"EN-US\">&nbsp;<\/span><\/p>\n  <\/td>\n  <td style=\"width:155.45pt;border-top:none;border-left:\n  none;border-bottom:solid windowtext 1.0pt;border-right:solid windowtext 1.0pt;\n  padding:0cm 5.4pt 0cm 5.4pt\" width=\"207\" valign=\"top\">\n  <p class=\"MsoNormal\" style=\"margin-bottom:0cm;line-height:normal;text-autospace:\n  ideograph-other;vertical-align:baseline\"><b><span style=\"font-size:10.0pt;font-family:&quot;Century Gothic&quot;,sans-serif\" lang=\"EN-US\">Hora azul<\/span><\/b><\/p>\n  <\/td>\n <\/tr>\n <tr>\n  <td style=\"width:88.95pt;border-top:none;border-left:\n  none;border-bottom:solid windowtext 1.0pt;border-right:solid windowtext 1.0pt;\n  padding:0cm 5.4pt 0cm 5.4pt\" width=\"119\" valign=\"top\">\n  <p class=\"MsoNormal\" style=\"margin-bottom:0cm;line-height:normal;text-autospace:\n  ideograph-other;vertical-align:baseline\"><i><span style=\"font-size:10.0pt;font-family:&quot;Century Gothic&quot;,sans-serif\" lang=\"EN-US\">Civil<\/span><\/i><\/p>\n  <\/td>\n  <td style=\"width:14.2pt;border-top:none;border-left:none;\n  border-bottom:solid windowtext 1.0pt;border-right:solid windowtext 1.0pt;\n  background:#FFCF0F;padding:0cm 5.4pt 0cm 5.4pt\" width=\"19\" valign=\"top\">\n  <p class=\"MsoNormal\" style=\"margin-bottom:0cm;line-height:normal;text-autospace:\n  ideograph-other;vertical-align:baseline\"><span style=\"font-size:\n  10.0pt;font-family:&quot;Century Gothic&quot;,sans-serif\" lang=\"EN-US\">&nbsp;<\/span><\/p>\n  <\/td>\n  <td style=\"width:155.45pt;border-top:none;border-left:\n  none;border-bottom:solid windowtext 1.0pt;border-right:solid windowtext 1.0pt;\n  padding:0cm 5.4pt 0cm 5.4pt\" width=\"207\" valign=\"top\">\n  <p class=\"MsoNormal\" style=\"margin-bottom:0cm;line-height:normal;text-autospace:\n  ideograph-other;vertical-align:baseline\"><b><span style=\"font-size:10.0pt;font-family:&quot;Century Gothic&quot;,sans-serif\" lang=\"EN-US\">Hora dorada<\/span><\/b><\/p>\n  <\/td>\n <\/tr>\n <tr>\n  <td style=\"width:86.05pt;border:solid windowtext 1.0pt;\n  border-top:none;padding:0cm 5.4pt 0cm 5.4pt\" width=\"115\" valign=\"top\">\n  <p class=\"MsoNormal\" style=\"margin-bottom:0cm;line-height:normal;text-autospace:\n  ideograph-other;vertical-align:baseline\"><span style=\"font-size:\n  10.0pt;font-family:&quot;Century Gothic&quot;,sans-serif\" lang=\"EN-US\">D\u00eda<\/span><\/p>\n  <\/td>\n  <td style=\"width:88.95pt;border-top:none;border-left:\n  none;border-bottom:solid windowtext 1.0pt;border-right:solid windowtext 1.0pt;\n  padding:0cm 5.4pt 0cm 5.4pt\" width=\"119\" valign=\"top\">\n  <p class=\"MsoNormal\" style=\"margin-bottom:0cm;line-height:normal;text-autospace:\n  ideograph-other;vertical-align:baseline\"><span style=\"font-size:\n  10.0pt;font-family:&quot;Century Gothic&quot;,sans-serif\" lang=\"EN-US\">&nbsp;<\/span><\/p>\n  <\/td>\n  <td style=\"width:51.45pt;border-top:none;border-left:none;\n  border-bottom:solid windowtext 1.0pt;border-right:solid windowtext 1.0pt;\n  padding:0cm 5.4pt 0cm 5.4pt\" width=\"69\">\n  <p class=\"MsoNormal\" style=\"margin-bottom:0cm;text-align:center;\n  line-height:normal;text-autospace:ideograph-other;vertical-align:baseline\" align=\"center\"><span style=\"font-size:10.0pt;font-family:&quot;Century Gothic&quot;,sans-serif\" lang=\"EN-US\">&nbsp;<\/span><\/p>\n  <\/td>\n  <td style=\"width:14.2pt;border-top:none;border-left:none;\n  border-bottom:solid windowtext 1.0pt;border-right:solid windowtext 1.0pt;\n  background:#BDD6EE;padding:0cm 5.4pt 0cm 5.4pt\" width=\"19\" valign=\"top\">\n  <p class=\"MsoNormal\" style=\"margin-bottom:0cm;line-height:normal;text-autospace:\n  ideograph-other;vertical-align:baseline\"><span style=\"font-size:\n  10.0pt;font-family:&quot;Century Gothic&quot;,sans-serif\" lang=\"EN-US\">&nbsp;<\/span><\/p>\n  <\/td>\n  <td style=\"width:155.45pt;border-top:none;border-left:\n  none;border-bottom:solid windowtext 1.0pt;border-right:solid windowtext 1.0pt;\n  padding:0cm 5.4pt 0cm 5.4pt\" width=\"207\" valign=\"top\">\n  <p class=\"MsoNormal\" style=\"margin-bottom:0cm;line-height:normal;text-autospace:\n  ideograph-other;vertical-align:baseline\"><span style=\"font-size:\n  10.0pt;font-family:&quot;Century Gothic&quot;,sans-serif\" lang=\"EN-US\">Luz diurna<\/span><\/p>\n  <\/td>\n <\/tr>\n <tr>\n  <td rowspan=\"3\" style=\"width:86.05pt;border:solid windowtext 1.0pt;\n  border-top:none;padding:0cm 5.4pt 0cm 5.4pt\" width=\"115\" valign=\"top\">\n  <p class=\"MsoNormal\" style=\"margin-bottom:0cm;line-height:normal;text-autospace:\n  ideograph-other;vertical-align:baseline\"><span style=\"font-size:\n  10.0pt;font-family:&quot;Century Gothic&quot;,sans-serif\" lang=\"EN-US\">Crep\u00fasculo<\/span><\/p>\n  <\/td>\n  <td style=\"width:88.95pt;border-top:none;border-left:\n  none;border-bottom:solid windowtext 1.0pt;border-right:solid windowtext 1.0pt;\n  padding:0cm 5.4pt 0cm 5.4pt\" width=\"119\" valign=\"top\">\n  <p class=\"MsoNormal\" style=\"margin-bottom:0cm;line-height:normal;text-autospace:\n  ideograph-other;vertical-align:baseline\"><i><span style=\"font-size:10.0pt;font-family:&quot;Century Gothic&quot;,sans-serif\" lang=\"EN-US\">Civil<\/span><\/i><\/p>\n  <\/td>\n  <td rowspan=\"3\" style=\"width:51.45pt;border-top:none;border-left:none;\n  border-bottom:solid windowtext 1.0pt;border-right:solid windowtext 1.0pt;\n  padding:0cm 5.4pt 0cm 5.4pt\" width=\"69\">\n  <p class=\"MsoNormal\" style=\"margin-bottom:0cm;text-align:center;\n  line-height:normal;text-autospace:ideograph-other;vertical-align:baseline\" align=\"center\"><span style=\"font-size:10.0pt;font-family:&quot;Century Gothic&quot;,sans-serif\" lang=\"EN-US\">Atardecer<\/span><\/p>\n  <\/td>\n  <td style=\"width:14.2pt;border-top:none;border-left:none;\n  border-bottom:solid windowtext 1.0pt;border-right:solid windowtext 1.0pt;\n  background:#FFCF0F;padding:0cm 5.4pt 0cm 5.4pt\" width=\"19\" valign=\"top\">\n  <p class=\"MsoNormal\" style=\"margin-bottom:0cm;line-height:normal;text-autospace:\n  ideograph-other;vertical-align:baseline\"><span style=\"font-size:\n  10.0pt;font-family:&quot;Century Gothic&quot;,sans-serif\" lang=\"EN-US\">&nbsp;<\/span><\/p>\n  <\/td>\n  <td style=\"width:155.45pt;border-top:none;border-left:\n  none;border-bottom:solid windowtext 1.0pt;border-right:solid windowtext 1.0pt;\n  padding:0cm 5.4pt 0cm 5.4pt\" width=\"207\" valign=\"top\">\n  <p class=\"MsoNormal\" style=\"margin-bottom:0cm;line-height:normal;text-autospace:\n  ideograph-other;vertical-align:baseline\"><b><span style=\"font-size:10.0pt;font-family:&quot;Century Gothic&quot;,sans-serif\" lang=\"EN-US\">Hora dorada<\/span><\/b><\/p>\n  <\/td>\n <\/tr>\n <tr>\n  <td style=\"width:88.95pt;border-top:none;border-left:\n  none;border-bottom:solid windowtext 1.0pt;border-right:solid windowtext 1.0pt;\n  padding:0cm 5.4pt 0cm 5.4pt\" width=\"119\" valign=\"top\">\n  <p class=\"MsoNormal\" style=\"margin-bottom:0cm;line-height:normal;text-autospace:\n  ideograph-other;vertical-align:baseline\"><i><span style=\"font-size:10.0pt;font-family:&quot;Century Gothic&quot;,sans-serif\" lang=\"EN-US\">N\u00e1utico<\/span><\/i><\/p>\n  <\/td>\n  <td style=\"width:14.2pt;border-top:none;border-left:none;\n  border-bottom:solid windowtext 1.0pt;border-right:solid windowtext 1.0pt;\n  background:#0A57C7;padding:0cm 5.4pt 0cm 5.4pt\" width=\"19\" valign=\"top\">\n  <p class=\"MsoNormal\" style=\"margin-bottom:0cm;line-height:normal;text-autospace:\n  ideograph-other;vertical-align:baseline\"><span style=\"font-size:\n  10.0pt;font-family:&quot;Century Gothic&quot;,sans-serif\" lang=\"EN-US\">&nbsp;<\/span><\/p>\n  <\/td>\n  <td style=\"width:155.45pt;border-top:none;border-left:\n  none;border-bottom:solid windowtext 1.0pt;border-right:solid windowtext 1.0pt;\n  padding:0cm 5.4pt 0cm 5.4pt\" width=\"207\" valign=\"top\">\n  <p class=\"MsoNormal\" style=\"margin-bottom:0cm;line-height:normal;text-autospace:\n  ideograph-other;vertical-align:baseline\"><b><span style=\"font-size:10.0pt;font-family:&quot;Century Gothic&quot;,sans-serif\" lang=\"EN-US\">Hora azul<\/span><\/b><\/p>\n  <\/td>\n <\/tr>\n <tr>\n  <td style=\"width:88.95pt;border-top:none;border-left:\n  none;border-bottom:solid windowtext 1.0pt;border-right:solid windowtext 1.0pt;\n  padding:0cm 5.4pt 0cm 5.4pt\" width=\"119\" valign=\"top\">\n  <p class=\"MsoNormal\" style=\"margin-bottom:0cm;line-height:normal;text-autospace:\n  ideograph-other;vertical-align:baseline\"><span style=\"font-size:\n  10.0pt;font-family:&quot;Century Gothic&quot;,sans-serif\" lang=\"EN-US\">Astron\u00f3mico<\/span><\/p>\n  <\/td>\n  <td style=\"width:14.2pt;border-top:none;border-left:none;\n  border-bottom:solid windowtext 1.0pt;border-right:solid windowtext 1.0pt;\n  background:#5034CB;padding:0cm 5.4pt 0cm 5.4pt\" width=\"19\" valign=\"top\">\n  <p class=\"MsoNormal\" style=\"margin-bottom:0cm;line-height:normal;text-autospace:\n  ideograph-other;vertical-align:baseline\"><span style=\"font-size:\n  10.0pt;font-family:&quot;Century Gothic&quot;,sans-serif\" lang=\"EN-US\">&nbsp;<\/span><\/p>\n  <\/td>\n  <td style=\"width:155.45pt;border-top:none;border-left:\n  none;border-bottom:solid windowtext 1.0pt;border-right:solid windowtext 1.0pt;\n  padding:0cm 5.4pt 0cm 5.4pt\" width=\"207\" valign=\"top\">\n  <p class=\"MsoNormal\" style=\"margin-bottom:0cm;line-height:normal;text-autospace:\n  ideograph-other;vertical-align:baseline\"><b><span style=\"font-size:10.0pt;font-family:&quot;Century Gothic&quot;,sans-serif\" lang=\"EN-US\">Crep\u00fasculo<\/span><\/b><\/p>\n  <\/td>\n <\/tr>\n <tr>\n  <td style=\"width:86.05pt;border:solid windowtext 1.0pt;border-top:\n  none;padding:0cm 5.4pt 0cm 5.4pt\" width=\"115\">\n  <p class=\"MsoNormal\" style=\"margin-bottom:0cm;line-height:normal;text-autospace:\n  ideograph-other;vertical-align:baseline\"><span style=\"font-size:\n  10.0pt;font-family:&quot;Century Gothic&quot;,sans-serif\" lang=\"EN-US\">Noche<\/span><\/p>\n  <\/td>\n  <td style=\"width:88.95pt;border-top:none;border-left:\n  none;border-bottom:solid windowtext 1.0pt;border-right:solid windowtext 1.0pt;\n  padding:0cm 5.4pt 0cm 5.4pt\" width=\"119\" valign=\"top\">\n  <p class=\"MsoNormal\" style=\"margin-bottom:0cm;line-height:normal;text-autospace:\n  ideograph-other;vertical-align:baseline\"><span style=\"font-size:\n  10.0pt;font-family:&quot;Century Gothic&quot;,sans-serif\" lang=\"EN-US\">&nbsp;<\/span><\/p>\n  <\/td>\n  <td style=\"width:51.45pt;border-top:none;border-left:\n  none;border-bottom:solid windowtext 1.0pt;border-right:solid windowtext 1.0pt;\n  padding:0cm 5.4pt 0cm 5.4pt\" width=\"69\" valign=\"top\">\n  <p class=\"MsoNormal\" style=\"margin-bottom:0cm;line-height:normal;text-autospace:\n  ideograph-other;vertical-align:baseline\"><span style=\"font-size:\n  10.0pt;font-family:&quot;Century Gothic&quot;,sans-serif\" lang=\"EN-US\">&nbsp;<\/span><\/p>\n  <\/td>\n  <td style=\"width:14.2pt;border-top:none;border-left:none;\n  border-bottom:solid windowtext 1.0pt;border-right:solid windowtext 1.0pt;\n  background:black;padding:0cm 5.4pt 0cm 5.4pt\" width=\"19\" valign=\"top\">\n  <p class=\"MsoNormal\" style=\"margin-bottom:0cm;line-height:normal;text-autospace:\n  ideograph-other;vertical-align:baseline\"><span style=\"font-size:\n  10.0pt;font-family:&quot;Century Gothic&quot;,sans-serif\" lang=\"EN-US\">&nbsp;<\/span><\/p>\n  <\/td>\n  <td style=\"width:155.45pt;border-top:none;border-left:\n  none;border-bottom:solid windowtext 1.0pt;border-right:solid windowtext 1.0pt;\n  padding:0cm 5.4pt 0cm 5.4pt\" width=\"207\" valign=\"top\">\n  <p class=\"MsoNormal\" style=\"margin-bottom:0cm;line-height:normal;text-autospace:\n  ideograph-other;vertical-align:baseline\"><span style=\"font-size:\n  10.0pt;font-family:&quot;Century Gothic&quot;,sans-serif\" lang=\"EN-US\">Noche<\/span><\/p>\n  <\/td>\n <\/tr>\n<\/tbody><\/table>\n\n<p class=\"MsoNormal\">&nbsp;<\/p>\n\n\n\n<p>Como se aprecia en la tabla, las horas m\u00e1gicas se repiten tanto a la ma\u00f1ana como a la tarde, y aunque en teor\u00eda se comportan de igual manera, en la pr\u00e1ctica se comportan de diferente manera por efecto de la poluci\u00f3n, bruma, temperatura y condiciones atmosf\u00e9ricas.<\/p>\n\n\n\n<p>En The Photographer\u2019s Assistant, Cada tipo de luz se identifica (adem\u00e1s de su nombre) con un color, tal como se aprecian en la tabla.<\/p>\n\n\n\n<h1 class=\"wp-block-heading\">Crep\u00fasculo<\/h1>\n\n\n\n<p>El crep\u00fasculo es el intervalo de tiempo que comprende desde la noche hasta la salida del sol y desde la puesta del sol hasta la noche, cuando, aunque el sol no sea visible, a\u00fan hay luz. Este intervalo cambia cada d\u00eda, seg\u00fan la \u00e9poca del a\u00f1o y nuestra posici\u00f3n en la Tierra, pero siempre dependen de la elevaci\u00f3n de sol, cuando la elevaci\u00f3n del punto central del sol se posiciona entre -18\u00b0 y 0\u00b0.<\/p>\n\n\n\n<div class=\"wp-block-image\"><figure class=\"aligncenter size-large\"><img loading=\"lazy\" decoding=\"async\" width=\"700\" height=\"467\" src=\"https:\/\/thephotographersassistant.net\/es\/wp-content\/uploads\/2020\/09\/twilight.jpg\" alt=\"\" class=\"wp-image-934\" srcset=\"https:\/\/thephotographersassistant.net\/es\/wp-content\/uploads\/2020\/09\/twilight.jpg 700w, https:\/\/thephotographersassistant.net\/es\/wp-content\/uploads\/2020\/09\/twilight-300x200.jpg 300w\" sizes=\"auto, (max-width: 700px) 100vw, 700px\" \/><figcaption>Una exposici\u00f3n larga durante el crep\u00fasuculo satura los colores del cielo.<\/figcaption><\/figure><\/div>\n\n\n\n<h2 class=\"wp-block-heading\">Crep\u00fasculo civil<\/h2>\n\n\n\n<p>Durante el crep\u00fasculo civil, los objetos tanto en la tierra como en el cielo son visibles a simple vista. Por eso es posible la orientaci\u00f3n y los trayectos caminando sin ayuda de luz artificial.<\/p>\n\n\n\n<p>El crep\u00fasculo civil empieza cuando el centro del sol est\u00e1 a -6\u00b0 y termina al amanecer. A la tarde, empieza justo despu\u00e9s de la puesta y termina cuando est\u00e1 a -6\u00b0 de elevaci\u00f3n.<\/p>\n\n\n\n<div class=\"wp-block-image\"><figure class=\"aligncenter size-large\"><img loading=\"lazy\" decoding=\"async\" width=\"700\" height=\"467\" src=\"https:\/\/thephotographersassistant.net\/es\/wp-content\/uploads\/2020\/09\/golden-hour-11.jpg\" alt=\"\" class=\"wp-image-855\" srcset=\"https:\/\/thephotographersassistant.net\/es\/wp-content\/uploads\/2020\/09\/golden-hour-11.jpg 700w, https:\/\/thephotographersassistant.net\/es\/wp-content\/uploads\/2020\/09\/golden-hour-11-300x200.jpg 300w\" sizes=\"auto, (max-width: 700px) 100vw, 700px\" \/><figcaption>Un suave resplandor ilumina los picos m\u00e1s altos durante el crep\u00fasculo civil.<\/figcaption><\/figure><\/div>\n\n\n\n<h2 class=\"wp-block-heading\">Crep\u00fasculo n\u00e1utico<\/h2>\n\n\n\n<p>Durante el crep\u00fasculo n\u00e1utico, los objetos de la tierra apenas son visibles sin ayuda de luz artificial. Sin embargo, es posible la navegaci\u00f3n en el mar (de ah\u00ed el nombre). Las principales estrellas y planetas m\u00e1s brillantes son ya visibles en el cielo.<\/p>\n\n\n\n<p>Al alba, el crep\u00fasculo n\u00e1utico empieza cuando el sol est\u00e1 a -12\u00b0 y termina con el crep\u00fasculo civil, a -6\u00ba de elevaci\u00f3n. Durante el ocaso, empieza justo al terminar el crep\u00fasculo civil (-6\u00b0) y termina cuando est\u00e9 a -12\u00b0.<\/p>\n\n\n\n<div class=\"wp-block-image\"><figure class=\"aligncenter size-large\"><img loading=\"lazy\" decoding=\"async\" width=\"700\" height=\"467\" src=\"https:\/\/thephotographersassistant.net\/es\/wp-content\/uploads\/2020\/09\/twilight-4.jpg\" alt=\"\" class=\"wp-image-929\" srcset=\"https:\/\/thephotographersassistant.net\/es\/wp-content\/uploads\/2020\/09\/twilight-4.jpg 700w, https:\/\/thephotographersassistant.net\/es\/wp-content\/uploads\/2020\/09\/twilight-4-300x200.jpg 300w\" sizes=\"auto, (max-width: 700px) 100vw, 700px\" \/><figcaption>Los tonos azules dominan este paisaje marino. Se necesita una exposici\u00f3n prolongada para capturar la suficiente luz.<\/figcaption><\/figure><\/div>\n\n\n\n<h2 class=\"wp-block-heading\">Crep\u00fasculo astron\u00f3mico<\/h2>\n\n\n\n<p>Durante el crep\u00fasculo astron\u00f3mico, el cielo se ha oscurecido mucho, el mar apenas es una mancha y las formas del suelo se recortan contra el cielo. Ya se aprecian m\u00e1s estrellas y constelaciones, pero otros muchos objetos visibles durante la noche a\u00fan no son visibles.<\/p>\n\n\n\n<p>El crep\u00fasculo astron\u00f3mico es el intervalo de tiempo entre la noche y el crep\u00fasculo n\u00e1utico, cuando el sol est\u00e9 entre -18\u00b0 y -12\u00b0, tanto al alba con durante el ocaso.<\/p>\n\n\n\n<div class=\"wp-block-columns has-3-columns is-layout-flex wp-container-core-columns-is-layout-9d6595d7 wp-block-columns-is-layout-flex\">\n<div class=\"wp-block-column is-layout-flow wp-block-column-is-layout-flow\">\n<figure class=\"wp-block-image size-large\"><img loading=\"lazy\" decoding=\"async\" width=\"700\" height=\"467\" src=\"https:\/\/thephotographersassistant.net\/es\/wp-content\/uploads\/2020\/09\/twilight-8.jpg\" alt=\"\" class=\"wp-image-933\" srcset=\"https:\/\/thephotographersassistant.net\/es\/wp-content\/uploads\/2020\/09\/twilight-8.jpg 700w, https:\/\/thephotographersassistant.net\/es\/wp-content\/uploads\/2020\/09\/twilight-8-300x200.jpg 300w\" sizes=\"auto, (max-width: 700px) 100vw, 700px\" \/><\/figure>\n\n\n\n<figure class=\"wp-block-image size-large\"><img loading=\"lazy\" decoding=\"async\" width=\"700\" height=\"467\" src=\"https:\/\/thephotographersassistant.net\/es\/wp-content\/uploads\/2020\/09\/twilight-6.jpg\" alt=\"\" class=\"wp-image-931\" srcset=\"https:\/\/thephotographersassistant.net\/es\/wp-content\/uploads\/2020\/09\/twilight-6.jpg 700w, https:\/\/thephotographersassistant.net\/es\/wp-content\/uploads\/2020\/09\/twilight-6-300x200.jpg 300w\" sizes=\"auto, (max-width: 700px) 100vw, 700px\" \/><\/figure>\n<\/div>\n\n\n\n<div class=\"wp-block-column is-layout-flow wp-block-column-is-layout-flow\">\n<figure class=\"wp-block-image size-large\"><img loading=\"lazy\" decoding=\"async\" width=\"700\" height=\"467\" src=\"https:\/\/thephotographersassistant.net\/es\/wp-content\/uploads\/2020\/09\/twilight-3.jpg\" alt=\"\" class=\"wp-image-928\" srcset=\"https:\/\/thephotographersassistant.net\/es\/wp-content\/uploads\/2020\/09\/twilight-3.jpg 700w, https:\/\/thephotographersassistant.net\/es\/wp-content\/uploads\/2020\/09\/twilight-3-300x200.jpg 300w\" sizes=\"auto, (max-width: 700px) 100vw, 700px\" \/><\/figure>\n\n\n\n<figure class=\"wp-block-image size-large\"><img loading=\"lazy\" decoding=\"async\" width=\"700\" height=\"467\" src=\"https:\/\/thephotographersassistant.net\/es\/wp-content\/uploads\/2020\/09\/twilight-7.jpg\" alt=\"\" class=\"wp-image-932\" srcset=\"https:\/\/thephotographersassistant.net\/es\/wp-content\/uploads\/2020\/09\/twilight-7.jpg 700w, https:\/\/thephotographersassistant.net\/es\/wp-content\/uploads\/2020\/09\/twilight-7-300x200.jpg 300w\" sizes=\"auto, (max-width: 700px) 100vw, 700px\" \/><figcaption>El cambio de tonalidades durante el crep\u00fasculo.<\/figcaption><\/figure>\n<\/div>\n\n\n\n<div class=\"wp-block-column is-layout-flow wp-block-column-is-layout-flow\">\n<figure class=\"wp-block-image size-large\"><img loading=\"lazy\" decoding=\"async\" width=\"700\" height=\"467\" src=\"https:\/\/thephotographersassistant.net\/es\/wp-content\/uploads\/2020\/09\/twilight-4.jpg\" alt=\"\" class=\"wp-image-929\" srcset=\"https:\/\/thephotographersassistant.net\/es\/wp-content\/uploads\/2020\/09\/twilight-4.jpg 700w, https:\/\/thephotographersassistant.net\/es\/wp-content\/uploads\/2020\/09\/twilight-4-300x200.jpg 300w\" sizes=\"auto, (max-width: 700px) 100vw, 700px\" \/><\/figure>\n\n\n\n<figure class=\"wp-block-image size-large\"><img loading=\"lazy\" decoding=\"async\" width=\"700\" height=\"467\" src=\"https:\/\/thephotographersassistant.net\/es\/wp-content\/uploads\/2020\/09\/twilight-5.jpg\" alt=\"\" class=\"wp-image-930\" srcset=\"https:\/\/thephotographersassistant.net\/es\/wp-content\/uploads\/2020\/09\/twilight-5.jpg 700w, https:\/\/thephotographersassistant.net\/es\/wp-content\/uploads\/2020\/09\/twilight-5-300x200.jpg 300w\" sizes=\"auto, (max-width: 700px) 100vw, 700px\" \/><\/figure>\n<\/div>\n<\/div>\n\n\n\n<h1 class=\"wp-block-heading\">Las horas m\u00e1gicas<\/h1>\n\n\n\n<h2 class=\"wp-block-heading\">Hora dorada<\/h2>\n\n\n\n<p>La hora dorada, tal como indica su nombre, es el intervalo de tiempo en la que la luz es de una tonalidad c\u00e1lida, seg\u00fan la atm\u00f3sfera, de suaves amarillos a dorados, naranjas y rojos. Las transiciones de color no ser\u00e1n bruscos ni se apreciar\u00e1 un cambio en pocos instantes de un tono a otro.<\/p>\n\n\n\n<p>Aunque se le llame hora, puede durar desde unos pocos minutos hasta varias horas.<\/p>\n\n\n\n<div class=\"wp-block-image\"><figure class=\"aligncenter size-large\"><img loading=\"lazy\" decoding=\"async\" width=\"700\" height=\"525\" src=\"https:\/\/thephotographersassistant.net\/es\/wp-content\/uploads\/2020\/09\/golden-hour.jpg\" alt=\"\" class=\"wp-image-867\" srcset=\"https:\/\/thephotographersassistant.net\/es\/wp-content\/uploads\/2020\/09\/golden-hour.jpg 700w, https:\/\/thephotographersassistant.net\/es\/wp-content\/uploads\/2020\/09\/golden-hour-300x225.jpg 300w\" sizes=\"auto, (max-width: 700px) 100vw, 700px\" \/><figcaption>Hermosa luz c\u00e1lida en la costa. Ahora es el momento de encontrar una buena composici\u00f3n.<\/figcaption><\/figure><\/div>\n\n\n\n<p>Al inicio de la hora dorada de la tarde, la luz ir\u00e1 tomando un color amarillo, muy p\u00e1lido al principio, pero los tonos ir\u00e1n ganando fuerzas. Deprendiendo de la cantidad de part\u00edculas en la atm\u00f3sfera (polvo, humos, poluci\u00f3n, tambi\u00e9n lluvia, \u2026), la luz ser\u00e1 m\u00e1s o menos difusa y los tonos ser\u00e1n m\u00e1s intensas o no. Las sombras ir\u00e1n alarg\u00e1ndose y menos definidas, siendo un momento ideal para fotograf\u00eda de paisaje, urbana y de retrato.<\/p>\n\n\n\n<div class=\"wp-block-image\"><figure class=\"aligncenter size-large\"><img loading=\"lazy\" decoding=\"async\" width=\"700\" height=\"525\" src=\"https:\/\/thephotographersassistant.net\/es\/wp-content\/uploads\/2020\/09\/golden-hour-22.jpg\" alt=\"\" class=\"wp-image-866\" srcset=\"https:\/\/thephotographersassistant.net\/es\/wp-content\/uploads\/2020\/09\/golden-hour-22.jpg 700w, https:\/\/thephotographersassistant.net\/es\/wp-content\/uploads\/2020\/09\/golden-hour-22-300x225.jpg 300w\" sizes=\"auto, (max-width: 700px) 100vw, 700px\" \/><figcaption>Hora dorada urbana. A veces sucede lo inesperado.<\/figcaption><\/figure><\/div>\n\n\n\n<p>The Photographer\u2019s Assistant implementa la hora dorada como el intervalo de tiempo en el que el sol est\u00e1 entre -4\u00b0 y +6\u00b0 de elevaci\u00f3n, tanto durante la ma\u00f1ana como en la tarde.<\/p>\n\n\n\n<p>Sin embargo, en el mundo cinematogr\u00e1fico, la hora dorada se divide en dos intervalos en la que la parte posterior al amanecer o anterior al atardecer (cuando es visible en el cielo, elevaci\u00f3n superior &gt; 0\u00b0) se llama igualmente hora dorada, pero la parte en la que est\u00e1 oculto tras el horizonte se denomina la hora m\u00e1gica.<\/p>\n\n\n\n<p>Algunas obras cinematogr\u00e1ficas han sido grabadas ampliamente en este intervalo:<\/p>\n\n\n\n<ul class=\"wp-block-list\"><li>Days of Heaven (1978), galardonada con un Oscar a la mejor fotograf\u00eda, The New World (2005), The Tree of Life (2011), donde todas las escenas fueron grabadas durante este intervalo.<\/li><\/ul>\n\n\n\n<h3 class=\"wp-block-heading\">Duraci\u00f3n de las diferentes horas m\u00e1gicas por el mundo<\/h3>\n\n\n\n<p><strong>Ejemplo 1: <\/strong>Donostia, 43.3199294, -1.9760193<\/p>\n\n\n\n<figure class=\"wp-block-image size-large\"><img loading=\"lazy\" decoding=\"async\" width=\"1024\" height=\"71\" src=\"https:\/\/thephotographersassistant.net\/es\/wp-content\/uploads\/2020\/09\/sun-donostia-march-equinox-1024x71.jpg\" alt=\"\" class=\"wp-image-943\" srcset=\"https:\/\/thephotographersassistant.net\/es\/wp-content\/uploads\/2020\/09\/sun-donostia-march-equinox-1024x71.jpg 1024w, https:\/\/thephotographersassistant.net\/es\/wp-content\/uploads\/2020\/09\/sun-donostia-march-equinox-300x21.jpg 300w, https:\/\/thephotographersassistant.net\/es\/wp-content\/uploads\/2020\/09\/sun-donostia-march-equinox-768x53.jpg 768w, https:\/\/thephotographersassistant.net\/es\/wp-content\/uploads\/2020\/09\/sun-donostia-march-equinox-1536x107.jpg 1536w, https:\/\/thephotographersassistant.net\/es\/wp-content\/uploads\/2020\/09\/sun-donostia-march-equinox.jpg 1870w\" sizes=\"auto, (max-width: 1024px) 100vw, 1024px\" \/><figcaption>Equinoccio de marzo (inicio del primavera)<\/figcaption><\/figure>\n\n\n\n<figure class=\"wp-block-image size-large\"><img loading=\"lazy\" decoding=\"async\" width=\"1024\" height=\"70\" src=\"https:\/\/thephotographersassistant.net\/es\/wp-content\/uploads\/2020\/09\/sun-donostia-jun-solstice-1024x70.jpg\" alt=\"\" class=\"wp-image-942\" srcset=\"https:\/\/thephotographersassistant.net\/es\/wp-content\/uploads\/2020\/09\/sun-donostia-jun-solstice-1024x70.jpg 1024w, https:\/\/thephotographersassistant.net\/es\/wp-content\/uploads\/2020\/09\/sun-donostia-jun-solstice-300x21.jpg 300w, https:\/\/thephotographersassistant.net\/es\/wp-content\/uploads\/2020\/09\/sun-donostia-jun-solstice-768x52.jpg 768w, https:\/\/thephotographersassistant.net\/es\/wp-content\/uploads\/2020\/09\/sun-donostia-jun-solstice-1536x105.jpg 1536w, https:\/\/thephotographersassistant.net\/es\/wp-content\/uploads\/2020\/09\/sun-donostia-jun-solstice.jpg 1873w\" sizes=\"auto, (max-width: 1024px) 100vw, 1024px\" \/><figcaption>Solsticio de junio (inicio del verano)<\/figcaption><\/figure>\n\n\n\n<figure class=\"wp-block-image size-large\"><img loading=\"lazy\" decoding=\"async\" width=\"1024\" height=\"70\" src=\"https:\/\/thephotographersassistant.net\/es\/wp-content\/uploads\/2020\/09\/sun-donostia-sept-equinox-1024x70.jpg\" alt=\"\" class=\"wp-image-944\" srcset=\"https:\/\/thephotographersassistant.net\/es\/wp-content\/uploads\/2020\/09\/sun-donostia-sept-equinox-1024x70.jpg 1024w, https:\/\/thephotographersassistant.net\/es\/wp-content\/uploads\/2020\/09\/sun-donostia-sept-equinox-300x20.jpg 300w, https:\/\/thephotographersassistant.net\/es\/wp-content\/uploads\/2020\/09\/sun-donostia-sept-equinox-768x52.jpg 768w, https:\/\/thephotographersassistant.net\/es\/wp-content\/uploads\/2020\/09\/sun-donostia-sept-equinox-1536x104.jpg 1536w, https:\/\/thephotographersassistant.net\/es\/wp-content\/uploads\/2020\/09\/sun-donostia-sept-equinox.jpg 1869w\" sizes=\"auto, (max-width: 1024px) 100vw, 1024px\" \/><figcaption>Equinoccio de septiembre (inicio del oto\u00f1o)<\/figcaption><\/figure>\n\n\n\n<figure class=\"wp-block-image size-large\"><img loading=\"lazy\" decoding=\"async\" width=\"1024\" height=\"70\" src=\"https:\/\/thephotographersassistant.net\/es\/wp-content\/uploads\/2020\/09\/sun-donostia-dec-solstice-1024x70.jpg\" alt=\"\" class=\"wp-image-941\" srcset=\"https:\/\/thephotographersassistant.net\/es\/wp-content\/uploads\/2020\/09\/sun-donostia-dec-solstice-1024x70.jpg 1024w, https:\/\/thephotographersassistant.net\/es\/wp-content\/uploads\/2020\/09\/sun-donostia-dec-solstice-300x21.jpg 300w, https:\/\/thephotographersassistant.net\/es\/wp-content\/uploads\/2020\/09\/sun-donostia-dec-solstice-768x53.jpg 768w, https:\/\/thephotographersassistant.net\/es\/wp-content\/uploads\/2020\/09\/sun-donostia-dec-solstice-1536x105.jpg 1536w, https:\/\/thephotographersassistant.net\/es\/wp-content\/uploads\/2020\/09\/sun-donostia-dec-solstice.jpg 1868w\" sizes=\"auto, (max-width: 1024px) 100vw, 1024px\" \/><figcaption>Solsticio de diciembre (inicio del invierno)<\/figcaption><\/figure>\n\n\n\n<p>El crep\u00fasculo es visiblemente m\u00e1s largo en junio que en diciembre (barra p\u00farpura m\u00e1s larga), aunque la hora dorada es un poco m\u00e1s larga durante el invierno. La hora azul dura m\u00e1s o menos igual durante todo el a\u00f1o.<\/p>\n\n\n\n<p><strong>Example 2<\/strong>: Elgol, Escocia, 57.1492752, -6.1076438<\/p>\n\n\n\n<figure class=\"wp-block-image size-large\"><img loading=\"lazy\" decoding=\"async\" width=\"1024\" height=\"70\" src=\"https:\/\/thephotographersassistant.net\/es\/wp-content\/uploads\/2020\/09\/sun-elgol-march-equinox-1024x70.jpg\" alt=\"\" class=\"wp-image-947\" srcset=\"https:\/\/thephotographersassistant.net\/es\/wp-content\/uploads\/2020\/09\/sun-elgol-march-equinox-1024x70.jpg 1024w, https:\/\/thephotographersassistant.net\/es\/wp-content\/uploads\/2020\/09\/sun-elgol-march-equinox-300x20.jpg 300w, https:\/\/thephotographersassistant.net\/es\/wp-content\/uploads\/2020\/09\/sun-elgol-march-equinox-768x52.jpg 768w, https:\/\/thephotographersassistant.net\/es\/wp-content\/uploads\/2020\/09\/sun-elgol-march-equinox-1536x105.jpg 1536w, https:\/\/thephotographersassistant.net\/es\/wp-content\/uploads\/2020\/09\/sun-elgol-march-equinox.jpg 1877w\" sizes=\"auto, (max-width: 1024px) 100vw, 1024px\" \/><figcaption>Equinoccio de marzo (inicio de la primavera)<\/figcaption><\/figure>\n\n\n\n<figure class=\"wp-block-image size-large\"><img loading=\"lazy\" decoding=\"async\" width=\"1024\" height=\"71\" src=\"https:\/\/thephotographersassistant.net\/es\/wp-content\/uploads\/2020\/09\/sun-elgol-jun-solstice-1024x71.jpg\" alt=\"\" class=\"wp-image-946\" srcset=\"https:\/\/thephotographersassistant.net\/es\/wp-content\/uploads\/2020\/09\/sun-elgol-jun-solstice-1024x71.jpg 1024w, https:\/\/thephotographersassistant.net\/es\/wp-content\/uploads\/2020\/09\/sun-elgol-jun-solstice-300x21.jpg 300w, https:\/\/thephotographersassistant.net\/es\/wp-content\/uploads\/2020\/09\/sun-elgol-jun-solstice-768x53.jpg 768w, https:\/\/thephotographersassistant.net\/es\/wp-content\/uploads\/2020\/09\/sun-elgol-jun-solstice-1536x106.jpg 1536w, https:\/\/thephotographersassistant.net\/es\/wp-content\/uploads\/2020\/09\/sun-elgol-jun-solstice.jpg 1871w\" sizes=\"auto, (max-width: 1024px) 100vw, 1024px\" \/><figcaption>Solsticio de junio (inicio del verano)<\/figcaption><\/figure>\n\n\n\n<figure class=\"wp-block-image size-large\"><img loading=\"lazy\" decoding=\"async\" width=\"1024\" height=\"67\" src=\"https:\/\/thephotographersassistant.net\/es\/wp-content\/uploads\/2020\/09\/sun-elgol-sept-equinox-1024x67.jpg\" alt=\"\" class=\"wp-image-948\" srcset=\"https:\/\/thephotographersassistant.net\/es\/wp-content\/uploads\/2020\/09\/sun-elgol-sept-equinox-1024x67.jpg 1024w, https:\/\/thephotographersassistant.net\/es\/wp-content\/uploads\/2020\/09\/sun-elgol-sept-equinox-300x20.jpg 300w, https:\/\/thephotographersassistant.net\/es\/wp-content\/uploads\/2020\/09\/sun-elgol-sept-equinox-768x51.jpg 768w, https:\/\/thephotographersassistant.net\/es\/wp-content\/uploads\/2020\/09\/sun-elgol-sept-equinox-1536x101.jpg 1536w, https:\/\/thephotographersassistant.net\/es\/wp-content\/uploads\/2020\/09\/sun-elgol-sept-equinox.jpg 1866w\" sizes=\"auto, (max-width: 1024px) 100vw, 1024px\" \/><figcaption>Equinoccio de septiembre (inicio del oto\u00f1o)<\/figcaption><\/figure>\n\n\n\n<figure class=\"wp-block-image size-large\"><img loading=\"lazy\" decoding=\"async\" width=\"1024\" height=\"70\" src=\"https:\/\/thephotographersassistant.net\/es\/wp-content\/uploads\/2020\/09\/sun-elgol-dec-solstice-1024x70.jpg\" alt=\"\" class=\"wp-image-945\" srcset=\"https:\/\/thephotographersassistant.net\/es\/wp-content\/uploads\/2020\/09\/sun-elgol-dec-solstice-1024x70.jpg 1024w, https:\/\/thephotographersassistant.net\/es\/wp-content\/uploads\/2020\/09\/sun-elgol-dec-solstice-300x21.jpg 300w, https:\/\/thephotographersassistant.net\/es\/wp-content\/uploads\/2020\/09\/sun-elgol-dec-solstice-768x53.jpg 768w, https:\/\/thephotographersassistant.net\/es\/wp-content\/uploads\/2020\/09\/sun-elgol-dec-solstice-1536x105.jpg 1536w, https:\/\/thephotographersassistant.net\/es\/wp-content\/uploads\/2020\/09\/sun-elgol-dec-solstice.jpg 1871w\" sizes=\"auto, (max-width: 1024px) 100vw, 1024px\" \/><figcaption>December solstice (start of winter)<\/figcaption><\/figure>\n\n\n\n<p>El crep\u00fasculo es m\u00e1s largo en junio que en diciembre (barra p\u00farpura m\u00e1s larga) y no hay noche (no hay barra de color negro). La hora dorada es un poco m\u00e1s larga durante el invierno. La hora azul dura un poco m\u00e1s durante el invierno que durante los equinoccios, pero a\u00fan menos que en junio.<\/p>\n\n\n\n<p><strong>Example 3<\/strong>: Reine, Islas Lofoten, 67.9450101, 13.0616998. C\u00edrculo polar \u00e1rtico.<\/p>\n\n\n\n<figure class=\"wp-block-image size-large\"><img loading=\"lazy\" decoding=\"async\" width=\"1024\" height=\"70\" src=\"https:\/\/thephotographersassistant.net\/es\/wp-content\/uploads\/2020\/09\/sun-lofoten-march-equinox-1024x70.jpg\" alt=\"\" class=\"wp-image-951\" srcset=\"https:\/\/thephotographersassistant.net\/es\/wp-content\/uploads\/2020\/09\/sun-lofoten-march-equinox-1024x70.jpg 1024w, https:\/\/thephotographersassistant.net\/es\/wp-content\/uploads\/2020\/09\/sun-lofoten-march-equinox-300x21.jpg 300w, https:\/\/thephotographersassistant.net\/es\/wp-content\/uploads\/2020\/09\/sun-lofoten-march-equinox-768x53.jpg 768w, https:\/\/thephotographersassistant.net\/es\/wp-content\/uploads\/2020\/09\/sun-lofoten-march-equinox-1536x105.jpg 1536w, https:\/\/thephotographersassistant.net\/es\/wp-content\/uploads\/2020\/09\/sun-lofoten-march-equinox.jpg 1867w\" sizes=\"auto, (max-width: 1024px) 100vw, 1024px\" \/><figcaption>Equinoccio de marzo (inicio de la primavera)<\/figcaption><\/figure>\n\n\n\n<figure class=\"wp-block-image size-large\"><img loading=\"lazy\" decoding=\"async\" width=\"1024\" height=\"67\" src=\"https:\/\/thephotographersassistant.net\/es\/wp-content\/uploads\/2020\/09\/sun-lofoten-jun-solstice-1024x67.jpg\" alt=\"\" class=\"wp-image-950\" srcset=\"https:\/\/thephotographersassistant.net\/es\/wp-content\/uploads\/2020\/09\/sun-lofoten-jun-solstice-1024x67.jpg 1024w, https:\/\/thephotographersassistant.net\/es\/wp-content\/uploads\/2020\/09\/sun-lofoten-jun-solstice-300x20.jpg 300w, https:\/\/thephotographersassistant.net\/es\/wp-content\/uploads\/2020\/09\/sun-lofoten-jun-solstice-768x51.jpg 768w, https:\/\/thephotographersassistant.net\/es\/wp-content\/uploads\/2020\/09\/sun-lofoten-jun-solstice-1536x101.jpg 1536w, https:\/\/thephotographersassistant.net\/es\/wp-content\/uploads\/2020\/09\/sun-lofoten-jun-solstice.jpg 1869w\" sizes=\"auto, (max-width: 1024px) 100vw, 1024px\" \/><figcaption>Solsticio de junio (inicio del verano)<\/figcaption><\/figure>\n\n\n\n<figure class=\"wp-block-image size-large\"><img loading=\"lazy\" decoding=\"async\" width=\"1024\" height=\"76\" src=\"https:\/\/thephotographersassistant.net\/es\/wp-content\/uploads\/2020\/09\/sun-lofoten-sept-equinox-1024x76.jpg\" alt=\"\" class=\"wp-image-952\" srcset=\"https:\/\/thephotographersassistant.net\/es\/wp-content\/uploads\/2020\/09\/sun-lofoten-sept-equinox-1024x76.jpg 1024w, https:\/\/thephotographersassistant.net\/es\/wp-content\/uploads\/2020\/09\/sun-lofoten-sept-equinox-300x22.jpg 300w, https:\/\/thephotographersassistant.net\/es\/wp-content\/uploads\/2020\/09\/sun-lofoten-sept-equinox-768x57.jpg 768w, https:\/\/thephotographersassistant.net\/es\/wp-content\/uploads\/2020\/09\/sun-lofoten-sept-equinox-1536x113.jpg 1536w, https:\/\/thephotographersassistant.net\/es\/wp-content\/uploads\/2020\/09\/sun-lofoten-sept-equinox.jpg 1868w\" sizes=\"auto, (max-width: 1024px) 100vw, 1024px\" \/><figcaption>Equinoccio de septiembre (inicio del oto\u00f1o)<\/figcaption><\/figure>\n\n\n\n<figure class=\"wp-block-image size-large\"><img loading=\"lazy\" decoding=\"async\" width=\"1024\" height=\"69\" src=\"https:\/\/thephotographersassistant.net\/es\/wp-content\/uploads\/2020\/09\/sun-lofoten-dece-solstice-1024x69.jpg\" alt=\"\" class=\"wp-image-949\" srcset=\"https:\/\/thephotographersassistant.net\/es\/wp-content\/uploads\/2020\/09\/sun-lofoten-dece-solstice-1024x69.jpg 1024w, https:\/\/thephotographersassistant.net\/es\/wp-content\/uploads\/2020\/09\/sun-lofoten-dece-solstice-300x20.jpg 300w, https:\/\/thephotographersassistant.net\/es\/wp-content\/uploads\/2020\/09\/sun-lofoten-dece-solstice-768x51.jpg 768w, https:\/\/thephotographersassistant.net\/es\/wp-content\/uploads\/2020\/09\/sun-lofoten-dece-solstice-1536x103.jpg 1536w, https:\/\/thephotographersassistant.net\/es\/wp-content\/uploads\/2020\/09\/sun-lofoten-dece-solstice.jpg 1866w\" sizes=\"auto, (max-width: 1024px) 100vw, 1024px\" \/><figcaption>Solsticio de diciembre (inicio del invierno)<\/figcaption><\/figure>\n\n\n\n<p>Reine est\u00e1 en el c\u00edrculo polar \u00e1rtico, por lo que durante el verano ocurre el sol de medianoche y en invierno el sol nunca es visible durante muchos d\u00edas. Es por eso que no experimentamos amanecer ni atardecer, ni hora azul ni oscurecimiento en el cielo. Por otro lado, en el solsticio de diciembre, el sol no es visible, pero podemos experimentar una luz m\u00e1gica continua desde el final de la noche hasta el comienzo de la siguiente.<\/p>\n\n\n\n<p><strong>Example 4<\/strong>: Singapur, 1.3437419, 103.6839582 (casi en el ecuador).<\/p>\n\n\n\n<figure class=\"wp-block-image size-large\"><img loading=\"lazy\" decoding=\"async\" width=\"1024\" height=\"71\" src=\"https:\/\/thephotographersassistant.net\/es\/wp-content\/uploads\/2020\/09\/sun-singapore-march-equinox-1024x71.jpg\" alt=\"\" class=\"wp-image-955\" srcset=\"https:\/\/thephotographersassistant.net\/es\/wp-content\/uploads\/2020\/09\/sun-singapore-march-equinox-1024x71.jpg 1024w, https:\/\/thephotographersassistant.net\/es\/wp-content\/uploads\/2020\/09\/sun-singapore-march-equinox-300x21.jpg 300w, https:\/\/thephotographersassistant.net\/es\/wp-content\/uploads\/2020\/09\/sun-singapore-march-equinox-768x53.jpg 768w, https:\/\/thephotographersassistant.net\/es\/wp-content\/uploads\/2020\/09\/sun-singapore-march-equinox-1536x106.jpg 1536w, https:\/\/thephotographersassistant.net\/es\/wp-content\/uploads\/2020\/09\/sun-singapore-march-equinox.jpg 1867w\" sizes=\"auto, (max-width: 1024px) 100vw, 1024px\" \/><figcaption>Equinoccio de marzo (inicio de la primavera)<\/figcaption><\/figure>\n\n\n\n<figure class=\"wp-block-image size-large\"><img loading=\"lazy\" decoding=\"async\" width=\"1024\" height=\"71\" src=\"https:\/\/thephotographersassistant.net\/es\/wp-content\/uploads\/2020\/09\/sun-singapore-jun-solstice-1024x71.jpg\" alt=\"\" class=\"wp-image-954\" srcset=\"https:\/\/thephotographersassistant.net\/es\/wp-content\/uploads\/2020\/09\/sun-singapore-jun-solstice-1024x71.jpg 1024w, https:\/\/thephotographersassistant.net\/es\/wp-content\/uploads\/2020\/09\/sun-singapore-jun-solstice-300x21.jpg 300w, https:\/\/thephotographersassistant.net\/es\/wp-content\/uploads\/2020\/09\/sun-singapore-jun-solstice-768x53.jpg 768w, https:\/\/thephotographersassistant.net\/es\/wp-content\/uploads\/2020\/09\/sun-singapore-jun-solstice-1536x107.jpg 1536w, https:\/\/thephotographersassistant.net\/es\/wp-content\/uploads\/2020\/09\/sun-singapore-jun-solstice.jpg 1869w\" sizes=\"auto, (max-width: 1024px) 100vw, 1024px\" \/><figcaption>Solsticio de junio (inicio del verano)<\/figcaption><\/figure>\n\n\n\n<figure class=\"wp-block-image size-large\"><img loading=\"lazy\" decoding=\"async\" width=\"1024\" height=\"69\" src=\"https:\/\/thephotographersassistant.net\/es\/wp-content\/uploads\/2020\/09\/sun-singapore-sept-equinox-1024x69.jpg\" alt=\"\" class=\"wp-image-956\" srcset=\"https:\/\/thephotographersassistant.net\/es\/wp-content\/uploads\/2020\/09\/sun-singapore-sept-equinox-1024x69.jpg 1024w, https:\/\/thephotographersassistant.net\/es\/wp-content\/uploads\/2020\/09\/sun-singapore-sept-equinox-300x20.jpg 300w, https:\/\/thephotographersassistant.net\/es\/wp-content\/uploads\/2020\/09\/sun-singapore-sept-equinox-768x52.jpg 768w, https:\/\/thephotographersassistant.net\/es\/wp-content\/uploads\/2020\/09\/sun-singapore-sept-equinox-1536x103.jpg 1536w, https:\/\/thephotographersassistant.net\/es\/wp-content\/uploads\/2020\/09\/sun-singapore-sept-equinox.jpg 1872w\" sizes=\"auto, (max-width: 1024px) 100vw, 1024px\" \/><figcaption>Equinoccio de septiembre (inicio del oto\u00f1o)<\/figcaption><\/figure>\n\n\n\n<figure class=\"wp-block-image size-large\"><img loading=\"lazy\" decoding=\"async\" width=\"1024\" height=\"69\" src=\"https:\/\/thephotographersassistant.net\/es\/wp-content\/uploads\/2020\/09\/sun-singapore-dec-solstice-1024x69.jpg\" alt=\"\" class=\"wp-image-953\" srcset=\"https:\/\/thephotographersassistant.net\/es\/wp-content\/uploads\/2020\/09\/sun-singapore-dec-solstice-1024x69.jpg 1024w, https:\/\/thephotographersassistant.net\/es\/wp-content\/uploads\/2020\/09\/sun-singapore-dec-solstice-300x20.jpg 300w, https:\/\/thephotographersassistant.net\/es\/wp-content\/uploads\/2020\/09\/sun-singapore-dec-solstice-768x52.jpg 768w, https:\/\/thephotographersassistant.net\/es\/wp-content\/uploads\/2020\/09\/sun-singapore-dec-solstice-1536x103.jpg 1536w, https:\/\/thephotographersassistant.net\/es\/wp-content\/uploads\/2020\/09\/sun-singapore-dec-solstice.jpg 1871w\" sizes=\"auto, (max-width: 1024px) 100vw, 1024px\" \/><figcaption>Solsticio de diciembre (inicio del invierno)<\/figcaption><\/figure>\n\n\n\n<p>Como se puede ver en la imagen, cerca del ecuador durante todo el a\u00f1o podemos experimentar la misma longitud (en su mayor\u00eda) de luces m\u00e1gicas.<\/p>\n\n\n\n<h3 class=\"wp-block-heading\">Salida y puesta de sol<\/h3>\n\n\n\n<p>En la hora dorada ocurren la salida y la puesta del sol, que ya de por s\u00ed, tienen una personalidad propia: el momento en el que, en un horizonte llano y limpio, como puede ser el mar, se podr\u00e1 ver el sol recortado y cambiando de forma; las sombras ser\u00e1n casi infinitas, la m\u00ednima protuberancia, elevaci\u00f3n o textura del terreno se ver\u00e1 definida y la luz toma el tono m\u00e1s rojo.<\/p>\n\n\n\n<div class=\"wp-block-image\"><figure class=\"aligncenter size-large\"><img loading=\"lazy\" decoding=\"async\" width=\"700\" height=\"403\" src=\"https:\/\/thephotographersassistant.net\/es\/wp-content\/uploads\/2020\/09\/sunrise-sunset-9.jpg\" alt=\"\" class=\"wp-image-920\" srcset=\"https:\/\/thephotographersassistant.net\/es\/wp-content\/uploads\/2020\/09\/sunrise-sunset-9.jpg 700w, https:\/\/thephotographersassistant.net\/es\/wp-content\/uploads\/2020\/09\/sunrise-sunset-9-300x173.jpg 300w\" sizes=\"auto, (max-width: 700px) 100vw, 700px\" \/><figcaption>Puesta de sol en el mar. El sol encuentra un hueci para iluminar la escena en el \u00faltimo momento.<\/figcaption><\/figure><\/div>\n\n\n\n<p>Aunque se piense que ocurre cuando el punto central del sol est\u00e1 a 0\u00ba de elevaci\u00f3n, por efecto de la difracci\u00f3n de la atm\u00f3sfera terrestre normalmente (valor medio) se calcula que es a una elevaci\u00f3n de -0.58\u00b0.<\/p>\n\n\n\n<h3 class=\"wp-block-heading\">La luna durante la hora dorada<\/h3>\n\n\n\n<p>Durante la hora dorada, la iluminaci\u00f3n de la luna y del paisaje se van igualando, y si adem\u00e1s coincide con una baja elevaci\u00f3n, puede convertirse en un elemento de inter\u00e9s en la fotograf\u00eda.<\/p>\n\n\n\n<p>Es cuando el sol est\u00e1 por debajo de +1\u00b0 \/ +0.5\u00ba de elevaci\u00f3n cuando toma mucho protagonismo y sus cambios de color tambi\u00e9n se aprecian mejor.<\/p>\n\n\n\n<p>Por eso, The Photogarpher\u2019s Assistant marca estos d\u00edas de gran inter\u00e9s en el calendario.<\/p>\n\n\n\n<div class=\"wp-block-image\"><figure class=\"aligncenter size-large\"><img decoding=\"async\" src=\"http:\/\/thephotographersassistant.net\/wp-content\/uploads\/2020\/09\/5-egutegia-1024x660.jpg\" alt=\"\" class=\"wp-image-939\"\/><figcaption>La vista de calendario en la aplicaci\u00f3n. Los d\u00edas 25 y 26 son buenos para capturar la puesta de la luna durante la hora dorada.<\/figcaption><\/figure><\/div>\n\n\n\n<h3 class=\"wp-block-heading\">Rayos crepusculares<\/h3>\n\n\n\n<p>Seg\u00fan la cantidad de atm\u00f3sfera que haya, el sol al colarse entre las nubes puede crear luces y sombras volum\u00e9tricas (tambi\u00e9n conocidas como dedos de Dios, rayos de luz, \u2026), que al acercarse m\u00e1s a la salida o a la puesta del sol se tornar\u00e1n m\u00e1s rojizos.<\/p>\n\n\n\n<div class=\"wp-block-image\"><figure class=\"aligncenter size-large\"><img loading=\"lazy\" decoding=\"async\" width=\"700\" height=\"467\" src=\"https:\/\/thephotographersassistant.net\/es\/wp-content\/uploads\/2020\/09\/sunrise-sunset-5.jpg\" alt=\"\" class=\"wp-image-916\" srcset=\"https:\/\/thephotographersassistant.net\/es\/wp-content\/uploads\/2020\/09\/sunrise-sunset-5.jpg 700w, https:\/\/thephotographersassistant.net\/es\/wp-content\/uploads\/2020\/09\/sunrise-sunset-5-300x200.jpg 300w\" sizes=\"auto, (max-width: 700px) 100vw, 700px\" \/><figcaption>Rayos de dios o rayos crepusculares durante la puesta de sol.<\/figcaption><\/figure><\/div>\n\n\n\n<h3 class=\"wp-block-heading\">Luz de tormenta<\/h3>\n\n\n\n<p>La luz de tormenta durante la hora dorada puede ser una de las mejores experiencias que puede tener un fot\u00f3grafo de paisaje.<\/p>\n\n\n\n<p>Aqu\u00ed se suman una densa atm\u00f3sfera, nubes oscuras como tel\u00f3n de fondo con un resultado en la que si ocurren los rayos de luz se ver\u00e1n mucho m\u00e1s intensos que en otros d\u00edas; los contrastes en las nubes, entre las zonas iluminadas y las que se encuentran a la sombra parecer\u00e1n pinturas de estilo claroscuro, de mucho dramatismo visual.<\/p>\n\n\n\n<h3 class=\"wp-block-heading\">Arcos iris<\/h3>\n\n\n\n<p>Los arcos-iris que ocurren durante la hora dorada son especiales porque, por un lado, se aprecian m\u00e1s altos en el paisaje y porque pierden parte de sus colores habituales; el sol ha perdido parte de su color blanco, siendo ahora m\u00e1s amarillo-dorado, por lo que veremos un arco con colores rojos, naranjas y amarillos (al inicio de la hora dorada).<\/p>\n\n\n\n<h3 class=\"wp-block-heading\">Cuando se iluminan las nubes de color<\/h3>\n\n\n\n<div class=\"wp-block-image\"><figure class=\"aligncenter size-large\"><img loading=\"lazy\" decoding=\"async\" width=\"700\" height=\"467\" src=\"https:\/\/thephotographersassistant.net\/es\/wp-content\/uploads\/2020\/09\/golden-hour-18.jpg\" alt=\"\" class=\"wp-image-862\" srcset=\"https:\/\/thephotographersassistant.net\/es\/wp-content\/uploads\/2020\/09\/golden-hour-18.jpg 700w, https:\/\/thephotographersassistant.net\/es\/wp-content\/uploads\/2020\/09\/golden-hour-18-300x200.jpg 300w\" sizes=\"auto, (max-width: 700px) 100vw, 700px\" \/><figcaption>Nubes de baja altitud iluminadas justo antes del atardecer.<\/figcaption><\/figure><\/div>\n\n\n\n<p>Estos valores pueden cambiar seg\u00fan la atm\u00f3sfera del momento, la altura de las nubes y la configuraci\u00f3n de estas. Pero teniendo un horizonte limpio que no impida la iluminaci\u00f3n de las nubes, como punto de partida orientativa<\/p>\n\n\n\n<ul class=\"wp-block-list\"><li>las nubes bajas de tipo c\u00famulo, cuando el sol est\u00e9 entre +1\u00b0 y -0.75\u00b0, pudiendo a\u00f1adir el sol en el encuadre. Suelen ser de corta duraci\u00f3n, pero de colores rojos y naranja muy saturados e intensos.<\/li><li>las nubes de altura media, cuando el sol est\u00e9 entre -1.25\u00b0 y -1.75\u00b0. Su duraci\u00f3n es intermedia, y los colores resaltados suelen ser amarillos y naranjas, aunque no tan intensos como en las capas m\u00e1s bajas.<\/li><li>las nubes de gran altura, como los cirros y estratos, se iluminar\u00e1n cuando est\u00e9 entre -2.5\u00ba y -3.5\u00ba. Su duraci\u00f3n suele ser bastante prolongado, y siendo sus colores normalmente menos intensos, suelen tirar m\u00e1s a colores pastel naranjas, amarillos, rosados y p\u00farpuras. Las diferentes texturas de las nubes influyen mucho en el atractivo final.<\/li><\/ul>\n\n\n\n<h2 class=\"wp-block-heading\">Hora azul<\/h2>\n\n\n\n<p>La hora azul es el intervalo de tiempo, relativamente corto en latitudes medias y centrales, en la que el cielo toma un color azul profundo, excepto en las direcciones de la salida y puesta del sol donde a\u00fan se aprecian los colores c\u00e1lidos.<\/p>\n\n\n\n<div class=\"wp-block-image\"><figure class=\"aligncenter size-large\"><img loading=\"lazy\" decoding=\"async\" width=\"700\" height=\"467\" src=\"https:\/\/thephotographersassistant.net\/es\/wp-content\/uploads\/2020\/09\/blue-hour-3.jpg\" alt=\"\" class=\"wp-image-835\" srcset=\"https:\/\/thephotographersassistant.net\/es\/wp-content\/uploads\/2020\/09\/blue-hour-3.jpg 700w, https:\/\/thephotographersassistant.net\/es\/wp-content\/uploads\/2020\/09\/blue-hour-3-300x200.jpg 300w\" sizes=\"auto, (max-width: 700px) 100vw, 700px\" \/><figcaption>Tonos azules en un d\u00eda nublado.<\/figcaption><\/figure><\/div>\n\n\n\n<p>Como el sol ya no ilumina el paisaje directamente, la mayor parte de la luz proviene del cielo, y siendo \u00e9ste tan azul y amplio, las sombras son difusas y el paisaje torna a colores m\u00e1s fr\u00edos.<\/p>\n\n\n\n<p>Es un buen momento para la fotograf\u00eda urbana y arquitect\u00f3nica, cuando las farolas, l\u00e1mparas y luces de las ciudades est\u00e1n encendidas, creando un contraste tonal de luces c\u00e1lidas y zonas no iluminadas fr\u00edas.<\/p>\n\n\n\n<div class=\"wp-block-image\"><figure class=\"aligncenter size-large\"><img loading=\"lazy\" decoding=\"async\" width=\"700\" height=\"448\" src=\"https:\/\/thephotographersassistant.net\/es\/wp-content\/uploads\/2020\/09\/blue-hour-10.jpg\" alt=\"\" class=\"wp-image-771\" srcset=\"https:\/\/thephotographersassistant.net\/es\/wp-content\/uploads\/2020\/09\/blue-hour-10.jpg 700w, https:\/\/thephotographersassistant.net\/es\/wp-content\/uploads\/2020\/09\/blue-hour-10-300x192.jpg 300w\" sizes=\"auto, (max-width: 700px) 100vw, 700px\" \/><figcaption>Contraste crom\u00e1tico durante la hora azul. Los colores azul y naranja funcionan bien juntos.<\/figcaption><\/figure><\/div>\n\n\n\n<p>Tambi\u00e9n muy apreciado en las fotograf\u00edas en entornos de desierto y de nieve.<\/p>\n\n\n\n<p>Ciertos autores definen la hora azul parte del crep\u00fasculo civil (entre -4\u00b0 y -6\u00b0), pero fotogr\u00e1ficamente, The Photographer\u2019s Assistant comprende cuando la elevaci\u00f3n del sol est\u00e1 entre -4\u00b0 y -8\u00ba.<\/p>\n\n\n\n<h3 class=\"wp-block-heading\">Las nieblas azules<\/h3>\n\n\n\n<p>Durante la hora azul, las nieblas est\u00e1ticas de los valles y las cambiantes que suben desde los mismos, toman el color del cielo convirti\u00e9ndose en un mar algodonoso azul.<\/p>\n\n\n\n<h3 class=\"wp-block-heading\">La luna<\/h3>\n\n\n\n<p>La captura de la luna durante la hora azul a\u00fan sigue siendo interesante; la zona iluminada suele perder detalle, pero la zona a la sombra se aprecia mejor. Los cambios de color a la salida y a la puesta comienzan a ser muy apreciables.<\/p>\n\n\n\n<div class=\"wp-block-image\"><figure class=\"aligncenter size-large\"><img loading=\"lazy\" decoding=\"async\" width=\"700\" height=\"467\" src=\"https:\/\/thephotographersassistant.net\/es\/wp-content\/uploads\/2020\/09\/moonrise-4.jpg\" alt=\"\" class=\"wp-image-774\" srcset=\"https:\/\/thephotographersassistant.net\/es\/wp-content\/uploads\/2020\/09\/moonrise-4.jpg 700w, https:\/\/thephotographersassistant.net\/es\/wp-content\/uploads\/2020\/09\/moonrise-4-300x200.jpg 300w\" sizes=\"auto, (max-width: 700px) 100vw, 700px\" \/><figcaption>Salida de la luna durante la hora azul. Mire el color rojizo durante la salida.<\/figcaption><\/figure><\/div>\n\n\n\n<p>The Photographer\u2019s Assistant indica qu\u00e9 fechas coinciden la salida y puesta de la luna durante este intervalo.<\/p>\n\n\n\n<h2 class=\"wp-block-heading\">Crep\u00fasculo (fotogr\u00e1fico)<\/h2>\n\n\n\n<p>Es el intervalo de tiempo que comprende desde el final de la hora azul hasta el inicio de la noche (durante el ocaso) o desde el final de la noche hasta el inicio de la hora azul (alba).<\/p>\n\n\n\n<p>Como se ha dicho anteriormente, las estrellas son visibles durante el crep\u00fasculo fotogr\u00e1fico, tambi\u00e9n los planetas m\u00e1s brillantes y las constelaciones. Otros objetos astron\u00f3micos como nebulosas no ser\u00e1n visibles hasta la noche.<\/p>\n\n\n\n<p>Sin embargo, el cielo a\u00fan tiene color, apenas visible, cierto, pero mucho m\u00e1s intenso en la direcci\u00f3n de la salida o la puesta del sol, que en las fotograf\u00edas se ver\u00e1 con un color azul oscuro, morado o lila oscuro. Puede ser un momento especial para capturar un cielo estrellado o con la V\u00eda L\u00e1ctea ligeramente visible sobre un cielo con color natural.<\/p>\n\n\n\n<div class=\"wp-block-image\"><figure class=\"aligncenter size-large\"><img loading=\"lazy\" decoding=\"async\" width=\"700\" height=\"467\" src=\"https:\/\/thephotographersassistant.net\/es\/wp-content\/uploads\/2020\/09\/night-13.jpg\" alt=\"\" class=\"wp-image-895\" srcset=\"https:\/\/thephotographersassistant.net\/es\/wp-content\/uploads\/2020\/09\/night-13.jpg 700w, https:\/\/thephotographersassistant.net\/es\/wp-content\/uploads\/2020\/09\/night-13-300x200.jpg 300w\" sizes=\"auto, (max-width: 700px) 100vw, 700px\" \/><figcaption>Tanto las estrellas como un color en el cielo son visibles durante este intervalo de tiempo.<\/figcaption><\/figure><\/div>\n\n\n\n<h3 class=\"wp-block-heading\">La luna<\/h3>\n\n\n\n<p>La captura de la luna en un paisaje amplio y que no salga completamente quemado o el resto completamente a oscuras comienza a ser complicado, pero las salidas y las puestas de la luna ya tienen un color intenso: rojo a la salida, despu\u00e9s ir\u00e1 torn\u00e1ndose naranja y finalmente se ver\u00e1 de un amarillo antes de volverse blanco. A la puesta se repetir\u00e1 el proceso, pero al rev\u00e9s.<\/p>\n","protected":false},"excerpt":{"rendered":"<p>Llamamos las horas m\u00e1gicas del sol, aquellas en las que, por su cualidad, imprimen sobre la fotograf\u00eda paisaj\u00edstica (principalmente) una personalidad innegable, ya sea percibida como como color, atm\u00f3sfera, &#8230;. No puede haber fotograf\u00eda sin luz y sin una luz\/atm\u00f3sfera atractiva nos ser\u00e1 muy dif\u00edcil capturar momentos irrepetibles. \u00bfCu\u00e1les son las horas del sol y&hellip; <br \/> <a class=\"read-more\" href=\"https:\/\/thephotographersassistant.net\/es\/2020\/11\/19\/suns-magic-light-hours\/\">Leer m\u00e1s<\/a><\/p>\n","protected":false},"author":1,"featured_media":773,"comment_status":"closed","ping_status":"closed","sticky":false,"template":"","format":"standard","meta":{"footnotes":""},"categories":[2],"tags":[],"class_list":["post-344","post","type-post","status-publish","format-standard","has-post-thumbnail","hentry","category-articulos"],"_links":{"self":[{"href":"https:\/\/thephotographersassistant.net\/es\/wp-json\/wp\/v2\/posts\/344","targetHints":{"allow":["GET"]}}],"collection":[{"href":"https:\/\/thephotographersassistant.net\/es\/wp-json\/wp\/v2\/posts"}],"about":[{"href":"https:\/\/thephotographersassistant.net\/es\/wp-json\/wp\/v2\/types\/post"}],"author":[{"embeddable":true,"href":"https:\/\/thephotographersassistant.net\/es\/wp-json\/wp\/v2\/users\/1"}],"replies":[{"embeddable":true,"href":"https:\/\/thephotographersassistant.net\/es\/wp-json\/wp\/v2\/comments?post=344"}],"version-history":[{"count":3,"href":"https:\/\/thephotographersassistant.net\/es\/wp-json\/wp\/v2\/posts\/344\/revisions"}],"predecessor-version":[{"id":1192,"href":"https:\/\/thephotographersassistant.net\/es\/wp-json\/wp\/v2\/posts\/344\/revisions\/1192"}],"wp:featuredmedia":[{"embeddable":true,"href":"https:\/\/thephotographersassistant.net\/es\/wp-json\/wp\/v2\/media\/773"}],"wp:attachment":[{"href":"https:\/\/thephotographersassistant.net\/es\/wp-json\/wp\/v2\/media?parent=344"}],"wp:term":[{"taxonomy":"category","embeddable":true,"href":"https:\/\/thephotographersassistant.net\/es\/wp-json\/wp\/v2\/categories?post=344"},{"taxonomy":"post_tag","embeddable":true,"href":"https:\/\/thephotographersassistant.net\/es\/wp-json\/wp\/v2\/tags?post=344"}],"curies":[{"name":"wp","href":"https:\/\/api.w.org\/{rel}","templated":true}]}}